{"id":1433,"date":"2023-05-28T08:09:37","date_gmt":"2023-05-28T06:09:37","guid":{"rendered":"https:\/\/paramus.pl\/?p=1433"},"modified":"2023-05-28T08:09:38","modified_gmt":"2023-05-28T06:09:38","slug":"vii-zywieckie-foto-zawody","status":"publish","type":"post","link":"https:\/\/paramus.pl\/?p=1433","title":{"rendered":"VII \u017bywieckie Foto Zawody"},"content":{"rendered":"\n<p>Stowarzyszenie Paramus, Zak\u0142ad Fotograficzny Foto u Jarka i Pracownia Introligatorska Macieja Cima\u0142y, po raz si\u00f3dmy zapraszaj\u0105 na wyj\u0105tkowy konkurs fotograficzny.<\/p>\n\n\n\n<p>Zg\u0142oszenia do udzia\u0142u mo\u017cna wysy\u0142a\u0107 do p\u00f3\u0142nocy 28.05.2023 za po\u015brednictwem formularza <a href=\"https:\/\/tiny.pl\/cqgs3?fbclid=IwAR3asI3Sqh0hbqctDZBT2ldqJHjy49TK_k4ZXYWtnb1NvI_LsHlnpKaVuKo\" rel=\"noreferrer noopener\" target=\"_blank\">https:\/\/tiny.pl\/cqgs3<\/a><\/p>\n\n\n\n<p>Opr\u00f3cz nagrody pieni\u0119\u017cnej, w puli nagr\u00f3d znalaz\u0142y si\u0119 akcesoria fotograficzne, aparat, r\u0119cznie wykonane statuetki i upominki.<\/p>\n\n\n\n<p>Zwyci\u0119skie prace b\u0119dzie mo\u017cna ogl\u0105da\u0107 w czasie wystawy plenerowej w \u017cywieckim parku od 20 czerwca do <a><\/a>20 lipca 2023.<\/p>\n\n\n\n<p>Burmistrz Antoni Szlagor obj\u0105\u0142 wydarzenie Honorowym Patronatem<\/p>\n\n\n\n<p>VII \u017bywieckie Foto Zawody odbywaj\u0105 si\u0119 pod patronatem Krajowego Cechu Fotograf\u00f3w.<\/p>\n\n\n\n<p>Patronat medialny &#8211; miesi\u0119cznik &#8222;Nad So\u0142\u0105 i Koszaraw\u0105&#8221; <\/p>\n\n\n\n<p>VII \u017bywieckie Foto Zawody dofinansowane s\u0105 w ramach realizacji zadania publicznego Miasta \u017bywiec<\/p>\n\n\n\n<p>Regulamin oraz szczeg\u00f3\u0142y <a href=\"https:\/\/paramus.pl\/?page_id=714&amp;fbclid=IwAR3asI3Sqh0hbqctDZBT2ldqJHjy49TK_k4ZXYWtnb1NvI_LsHlnpKaVuKo\" rel=\"noreferrer noopener\" target=\"_blank\">https:\/\/paramus.pl\/?page_id=714<\/a><\/p>\n\n\n\n<figure class=\"wp-block-image size-large is-resized is-style-default\"><img loading=\"lazy\" decoding=\"async\" src=\"https:\/\/paramus.pl\/wp-content\/uploads\/2023\/05\/Nagroda-glowna-1024x819.png\" alt=\"\" class=\"wp-image-1434\" width=\"524\" height=\"419\" srcset=\"https:\/\/paramus.pl\/wp-content\/uploads\/2023\/05\/Nagroda-glowna-1024x819.png 1024w, https:\/\/paramus.pl\/wp-content\/uploads\/2023\/05\/Nagroda-glowna-300x240.png 300w, https:\/\/paramus.pl\/wp-content\/uploads\/2023\/05\/Nagroda-glowna-768x614.png 768w, https:\/\/paramus.pl\/wp-content\/uploads\/2023\/05\/Nagroda-glowna-1536x1229.png 1536w, https:\/\/paramus.pl\/wp-content\/uploads\/2023\/05\/Nagroda-glowna.png 2000w\" sizes=\"auto, (max-width: 524px) 100vw, 524px\" \/><\/figure>\n","protected":false},"excerpt":{"rendered":"<p>Stowarzyszenie Paramus, Zak\u0142ad Fotograficzny Foto u Jarka i Pracownia Introligatorska Macieja Cima\u0142y, po raz si\u00f3dmy zapraszaj\u0105 na wyj\u0105tkowy konkurs fotograficzny. Zg\u0142oszenia do udzia\u0142u mo\u017cna wysy\u0142a\u0107 do p\u00f3\u0142nocy 28.05.2023 za po\u015brednictwem formularza https:\/\/tiny.pl\/cqgs3 Opr\u00f3cz nagrody pieni\u0119\u017cnej, w puli nagr\u00f3d znalaz\u0142y si\u0119 akcesoria fotograficzne, aparat, r\u0119cznie wykonane statuetki i upominki. Zwyci\u0119skie prace b\u0119dzie mo\u017cna ogl\u0105da\u0107 w czasie&hellip;&nbsp;<a href=\"https:\/\/paramus.pl\/?p=1433\" rel=\"bookmark\">Dowiedz si\u0119 wi\u0119cej &raquo;<span class=\"screen-reader-text\">VII \u017bywieckie Foto Zawody<\/span><\/a><\/p>\n","protected":false},"author":2,"featured_media":0,"comment_status":"open","ping_status":"open","sticky":false,"template":"","format":"standard","meta":{"_monsterinsights_skip_tracking":false,"_monsterinsights_sitenote_active":false,"_monsterinsights_sitenote_note":"","_monsterinsights_sitenote_category":0,"neve_meta_sidebar":"","neve_meta_container":"","neve_meta_enable_content_width":"","neve_meta_content_width":0,"neve_meta_title_alignment":"","neve_meta_author_avatar":"","neve_post_elements_order":"","neve_meta_disable_header":"","neve_meta_disable_footer":"","neve_meta_disable_title":"","_themeisle_gutenberg_block_has_review":false,"footnotes":""},"categories":[1],"tags":[],"class_list":["post-1433","post","type-post","status-publish","format-standard","hentry","category-bez-kategorii"],"_links":{"self":[{"href":"https:\/\/paramus.pl\/index.php?rest_route=\/wp\/v2\/posts\/1433","targetHints":{"allow":["GET"]}}],"collection":[{"href":"https:\/\/paramus.pl\/index.php?rest_route=\/wp\/v2\/posts"}],"about":[{"href":"https:\/\/paramus.pl\/index.php?rest_route=\/wp\/v2\/types\/post"}],"author":[{"embeddable":true,"href":"https:\/\/paramus.pl\/index.php?rest_route=\/wp\/v2\/users\/2"}],"replies":[{"embeddable":true,"href":"https:\/\/paramus.pl\/index.php?rest_route=%2Fwp%2Fv2%2Fcomments&post=1433"}],"version-history":[{"count":1,"href":"https:\/\/paramus.pl\/index.php?rest_route=\/wp\/v2\/posts\/1433\/revisions"}],"predecessor-version":[{"id":1435,"href":"https:\/\/paramus.pl\/index.php?rest_route=\/wp\/v2\/posts\/1433\/revisions\/1435"}],"wp:attachment":[{"href":"https:\/\/paramus.pl\/index.php?rest_route=%2Fwp%2Fv2%2Fmedia&parent=1433"}],"wp:term":[{"taxonomy":"category","embeddable":true,"href":"https:\/\/paramus.pl\/index.php?rest_route=%2Fwp%2Fv2%2Fcategories&post=1433"},{"taxonomy":"post_tag","embeddable":true,"href":"https:\/\/paramus.pl\/index.php?rest_route=%2Fwp%2Fv2%2Ftags&post=1433"}],"curies":[{"name":"wp","href":"https:\/\/api.w.org\/{rel}","templated":true}]}}