{"id":733,"date":"2020-09-30T13:15:00","date_gmt":"2020-09-30T11:15:00","guid":{"rendered":"https:\/\/paramus.pl\/?p=733"},"modified":"2021-04-21T13:16:36","modified_gmt":"2021-04-21T11:16:36","slug":"iv-foto-zawody-2020","status":"publish","type":"post","link":"https:\/\/paramus.pl\/?p=733","title":{"rendered":"IV Foto Zawody 2020"},"content":{"rendered":"\n<blockquote class=\"wp-block-quote is-layout-flow wp-block-quote-is-layout-flow\"><p><strong>Czwarta edycja Foto Zawod\u00f3w, organizowana by\u0142a w niezwykle trudnych warunkach. W ka\u017cdej chwili koronawirus m\u00f3g\u0142 kontynuowa\u0107 wprowadzanie swoich zasad gry. A jednak si\u0119 uda\u0142o. Nie bez przeszk\u00f3d, obaw, w\u0105tpliwo\u015bci, ale uda\u0142o si\u0119 doprowadzi\u0107 etap konkursowy do szcz\u0119\u015bliwego ko\u0144ca.&nbsp;<\/strong><\/p><\/blockquote>\n\n\n\n<p>\u017bywieckie Foto Zawody, to konkurs, kt\u00f3rego podstawow\u0105 trudno\u015bci\u0105 jest wykonanie zadania fotograficznego w ci\u0105gu 24 godzin. G\u0142\u00f3wnym celem Foto Zawod\u00f3w jest promowanie sztuki fotografii, rozbudzanie kreatywno\u015bci i tw\u00f3rczej pomys\u0142owo\u015bci. Wa\u017cnym za\u0142o\u017ceniem jest tak\u017ce motywacja do wsp\u00f3lnej pracy, dlatego organizatorzy zach\u0119caj\u0105 do uczestnictwa teamy rodzinne.&nbsp;<\/p>\n\n\n\n<div class=\"wp-block-media-text alignwide has-media-on-the-right is-stacked-on-mobile\" style=\"grid-template-columns:auto 33%\"><figure class=\"wp-block-media-text__media\"><img loading=\"lazy\" decoding=\"async\" width=\"1024\" height=\"727\" src=\"https:\/\/paramus.pl\/wp-content\/uploads\/2021\/04\/116347570_3123628644352986_4113399029591917763_n-1024x727.png\" alt=\"\" class=\"wp-image-736 size-full\" srcset=\"https:\/\/paramus.pl\/wp-content\/uploads\/2021\/04\/116347570_3123628644352986_4113399029591917763_n-1024x727.png 1024w, https:\/\/paramus.pl\/wp-content\/uploads\/2021\/04\/116347570_3123628644352986_4113399029591917763_n-300x213.png 300w, https:\/\/paramus.pl\/wp-content\/uploads\/2021\/04\/116347570_3123628644352986_4113399029591917763_n-768x545.png 768w, https:\/\/paramus.pl\/wp-content\/uploads\/2021\/04\/116347570_3123628644352986_4113399029591917763_n-1536x1090.png 1536w, https:\/\/paramus.pl\/wp-content\/uploads\/2021\/04\/116347570_3123628644352986_4113399029591917763_n.png 1747w\" sizes=\"auto, (max-width: 1024px) 100vw, 1024px\" \/><\/figure><div class=\"wp-block-media-text__content\">\n<p class=\"has-normal-font-size\">To mia\u0142o by\u0107 prawdziwe \u015bwi\u0119to fotografii, wydarzenie towarzysz\u0105ce Dniom \u017bywca, pe\u0142ne rado\u015bci, integruj\u0105ce\u2026 Niestety. Ju\u017c w marcu trzeba by\u0142o powoli zmienia\u0107 plany. W maju wiadomo by\u0142o, \u017ce organizatorzy nie spotkaj\u0105 si\u0119 uczestnikami. Wydarzenie nie zosta\u0142o jednak odwo\u0142ane, lecz wi\u0119ksza cz\u0119\u015b\u0107 dzia\u0142a\u0144 odbywa\u0142a si\u0119 w Internecie. W zwi\u0105zku ze z\u0142agodzeniem obostrze\u0144, na kilka dni przed konkursem, zapad\u0142a decyzja, o tym, \u017ce rozstrzygni\u0119cie Foto Zawod\u00f3w odb\u0119dzie si\u0119 z udzia\u0142em uczestnik\u00f3w.&nbsp;<\/p>\n<\/div><\/div>\n\n\n\n<p><em>Nie by\u0142o \u0142atwo wymy\u015bli\u0107 temat zadania, kt\u00f3re mo\u017cna zrealizowa\u0107 w r\u00f3\u017cnych warunkach, \u0142\u0105cznie z opcj\u0105 wykonania zdj\u0119\u0107 na kwarantannie. &#8211;&nbsp;<\/em>m\u00f3wi Jaros\u0142aw Deka, jeden z organizator\u00f3w Foto Zawod\u00f3w<\/p>\n\n\n\n<p>Do konkursu przes\u0142ano 28 zg\u0142osze\u0144 indywidualnych oraz Team\u00f3w Rodzinnych. Udzia\u0142 w IV \u017bywieckich Foto Zawod\u00f3w wzi\u0119\u0142o 38 os\u00f3b.&nbsp;<\/p>\n\n\n\n<div class=\"wp-block-media-text alignwide is-stacked-on-mobile is-vertically-aligned-center\" style=\"grid-template-columns:29% auto\"><figure class=\"wp-block-media-text__media\"><img loading=\"lazy\" decoding=\"async\" width=\"1024\" height=\"819\" src=\"https:\/\/paramus.pl\/wp-content\/uploads\/2021\/04\/117579375_3134286920022592_1359202076579924041_n-1024x819.jpg\" alt=\"\" class=\"wp-image-735 size-full\" srcset=\"https:\/\/paramus.pl\/wp-content\/uploads\/2021\/04\/117579375_3134286920022592_1359202076579924041_n-1024x819.jpg 1024w, https:\/\/paramus.pl\/wp-content\/uploads\/2021\/04\/117579375_3134286920022592_1359202076579924041_n-300x240.jpg 300w, https:\/\/paramus.pl\/wp-content\/uploads\/2021\/04\/117579375_3134286920022592_1359202076579924041_n-768x614.jpg 768w, https:\/\/paramus.pl\/wp-content\/uploads\/2021\/04\/117579375_3134286920022592_1359202076579924041_n-1536x1229.jpg 1536w, https:\/\/paramus.pl\/wp-content\/uploads\/2021\/04\/117579375_3134286920022592_1359202076579924041_n.jpg 2000w\" sizes=\"auto, (max-width: 1024px) 100vw, 1024px\" \/><\/figure><div class=\"wp-block-media-text__content\">\n<p class=\"has-normal-font-size\">Jury w sk\u0142adzie Jaros\u0142aw Deka, Mariusz Kubielas oraz Piotr Topi\u0144ski, oceni\u0142o 65 zdj\u0119\u0107, kt\u00f3rych my\u015bl\u0105 przewodni\u0105 i g\u0142\u00f3wnym tematem by\u0142 \u201cSkrawek \u015awiata\u201d.&nbsp;<em>Na konkurs wp\u0142yn\u0119\u0142o wiele r\u00f3\u017cnorodnych prac. &#8211; m\u00f3wi Mariusz Kubielas, juror &#8211; niekt\u00f3re by\u0142y naprawd\u0119 bardzo ciekawe, czasem zdarza\u0142y si\u0119 drobne b\u0142\u0119dy techniczne. Jury pracowa\u0142o niezale\u017cnie. Wybierali\u015bmy po dziesi\u0119\u0107 zdj\u0119\u0107, potem z tej dziesi\u0105tki mieli\u015bmy wybra\u0107 po trzy, a potem ju\u017c wsp\u00f3lnie wskaza\u0107 zwyci\u0119skie prace. To nie by\u0142a \u0142atwa praca. Trudno by\u0142o wybra\u0107 t\u0119 najlepsz\u0105 tr\u00f3jk\u0119.&nbsp;<\/em><\/p>\n<\/div><\/div>\n\n\n\n<p>Rozstrzygni\u0119cie konkursu i rozdanie nagr\u00f3d odby\u0142o si\u0119 w \u017cywieckim parku, przy studni pomi\u0119dzy zamkiem, a pa\u0142acem Habsburg\u00f3w, z zachowaniem rygor\u00f3w sanitarnych i dystansu spo\u0142ecznego. Zwyci\u0119skie prace eksponowane by\u0142y r\u00f3wnie\u017c w czasie wystawy plenerowej, w \u017cywieckim parku, kt\u00f3ra sta\u0142a si\u0119 ju\u017c tradycj\u0105 Foto Zawod\u00f3w.&nbsp;<\/p>\n\n\n\n<p>Organizatorami IV \u017bywieckich Foto Zawod\u00f3w by\u0142o Stowarzyszenie Paramus oraz Zak\u0142ad Fotograficzny Foto u Jarka. Dzia\u0142anie zrealizowane zosta\u0142o dzi\u0119ki grantowi Funduszu Spo\u0142ecznego Grupy \u017bywiec, Miastu \u017bywiec w ramach zadania publicznego oraz sponsorom: Foto 7, Komputronik \u017bywiec, DW Por\u0105bka \u015awinouj\u015bcie, Idea Events, S\u0142odki Przystanek, Beskid Chocolate.&nbsp;<\/p>\n\n\n\n<p>Zapis obserwowanego otoczenia, zapisany na poszczeg\u00f3lnych klatkach, z pojedynczych \u201eskrawk\u00f3w \u015bwiata\u201d, stworzy\u0142 niezwyk\u0142y obraz kosmicznego zjednoczenia ludzi, zwierz\u0105t, przyrody, architektury.&nbsp;<\/p>\n\n\n\n<div class=\"wp-block-media-text alignwide has-media-on-the-right is-stacked-on-mobile is-vertically-aligned-center has-neve-text-color-color has-text-color\" style=\"grid-template-columns:auto 33%\"><figure class=\"wp-block-media-text__media\"><img loading=\"lazy\" decoding=\"async\" width=\"285\" height=\"101\" src=\"https:\/\/paramus.pl\/wp-content\/uploads\/2021\/04\/Zrzut-ekranu-2021-04-21-o-13.10.03.png\" alt=\"\" class=\"wp-image-734 size-full\"\/><\/figure><div class=\"wp-block-media-text__content\">\n<p class=\"has-text-align-center has-nv-dark-bg-color has-text-color has-large-font-size\">Zapraszamy do \u015bledzenia nas na Facebooku<br><a href=\"https:\/\/www.facebook.com\/Fotoprojektor\/\" target=\"_blank\" rel=\"noreferrer noopener\">KLIKNIJ<\/a><\/p>\n<\/div><\/div>\n\n\n\n<p><br>Laureatami konkursu zostali:&nbsp;<\/p>\n\n\n\n<p><strong>I miejsce:<\/strong> Agnieszka Ostrowska \u201c Podgl\u0105daj\u0105c \u015bwiat\u201d&nbsp;<br><strong>II miejsce:<\/strong> Natalia Pi\u0105tek \u201cSkrawki\u201d<br><strong>III miejsce:<\/strong> Marta Andrusiewicz \u201cDomowy kosmos\u201d<br><strong>Nagrod\u0119 dla Teamu Rodzinnego otrzyma\u0142y:<\/strong> Aleksandra Pyclik i Klaudia Pyclik za zdj\u0119cie pt. \u201cStrach\u201d<br><strong>Nagroda publiczno\u015bci wy\u0142oniona zosta\u0142a w drodze g\u0142osowania internetowego: <\/strong>Julia Mieszczak \u201eNa kwadracie\u201d.<\/p>\n\n\n\n<h2 class=\"wp-block-heading\">Laureaci wcze\u015bniejszych edycji konkursu.<\/h2>\n\n\n\n<p><strong>I \u017bywieckie Foto Zawody<\/strong><\/p>\n\n\n\n<p>Temat: D\u017awi\u0119ki<br>I miejsce: Marcin Kasperek<\/p>\n\n\n\n<p><strong>II \u017bywieckie Foto Zawody<\/strong><\/p>\n\n\n\n<p>Temat: \u017bywieckie impresje<br>I miejsce &#8211; Krystyna Hernas \u201eW oknie historii<\/p>\n\n\n\n<p><strong>III \u017bywieckie Foto Zawody<\/strong><\/p>\n\n\n\n<p>Temat: Pasje<br>I miejsce &#8211; Przemys\u0142aw Papiernik&nbsp;<\/p>\n","protected":false},"excerpt":{"rendered":"<p>Czwarta edycja Foto Zawod\u00f3w, organizowana by\u0142a w niezwykle trudnych warunkach. W ka\u017cdej chwili koronawirus m\u00f3g\u0142 kontynuowa\u0107 wprowadzanie swoich zasad gry. A jednak si\u0119 uda\u0142o. Nie bez przeszk\u00f3d, obaw, w\u0105tpliwo\u015bci, ale uda\u0142o si\u0119 doprowadzi\u0107 etap konkursowy do szcz\u0119\u015bliwego ko\u0144ca.&nbsp; \u017bywieckie Foto Zawody, to konkurs, kt\u00f3rego podstawow\u0105 trudno\u015bci\u0105 jest wykonanie zadania fotograficznego w ci\u0105gu 24 godzin. G\u0142\u00f3wnym&hellip;&nbsp;<a href=\"https:\/\/paramus.pl\/?p=733\" rel=\"bookmark\">Dowiedz si\u0119 wi\u0119cej &raquo;<span class=\"screen-reader-text\">IV Foto Zawody 2020<\/span><\/a><\/p>\n","protected":false},"author":1,"featured_media":0,"comment_status":"open","ping_status":"open","sticky":false,"template":"","format":"standard","meta":{"_monsterinsights_skip_tracking":false,"_monsterinsights_sitenote_active":false,"_monsterinsights_sitenote_note":"","_monsterinsights_sitenote_category":0,"neve_meta_sidebar":"","neve_meta_container":"","neve_meta_enable_content_width":"","neve_meta_content_width":0,"neve_meta_title_alignment":"","neve_meta_author_avatar":"","neve_post_elements_order":"","neve_meta_disable_header":"","neve_meta_disable_footer":"","neve_meta_disable_title":"","_themeisle_gutenberg_block_has_review":false,"footnotes":""},"categories":[15,16],"tags":[],"class_list":["post-733","post","type-post","status-publish","format-standard","hentry","category-fotoprojektor","category-fotozawody"],"_links":{"self":[{"href":"https:\/\/paramus.pl\/index.php?rest_route=\/wp\/v2\/posts\/733","targetHints":{"allow":["GET"]}}],"collection":[{"href":"https:\/\/paramus.pl\/index.php?rest_route=\/wp\/v2\/posts"}],"about":[{"href":"https:\/\/paramus.pl\/index.php?rest_route=\/wp\/v2\/types\/post"}],"author":[{"embeddable":true,"href":"https:\/\/paramus.pl\/index.php?rest_route=\/wp\/v2\/users\/1"}],"replies":[{"embeddable":true,"href":"https:\/\/paramus.pl\/index.php?rest_route=%2Fwp%2Fv2%2Fcomments&post=733"}],"version-history":[{"count":2,"href":"https:\/\/paramus.pl\/index.php?rest_route=\/wp\/v2\/posts\/733\/revisions"}],"predecessor-version":[{"id":739,"href":"https:\/\/paramus.pl\/index.php?rest_route=\/wp\/v2\/posts\/733\/revisions\/739"}],"wp:attachment":[{"href":"https:\/\/paramus.pl\/index.php?rest_route=%2Fwp%2Fv2%2Fmedia&parent=733"}],"wp:term":[{"taxonomy":"category","embeddable":true,"href":"https:\/\/paramus.pl\/index.php?rest_route=%2Fwp%2Fv2%2Fcategories&post=733"},{"taxonomy":"post_tag","embeddable":true,"href":"https:\/\/paramus.pl\/index.php?rest_route=%2Fwp%2Fv2%2Ftags&post=733"}],"curies":[{"name":"wp","href":"https:\/\/api.w.org\/{rel}","templated":true}]}}